{"id":612,"date":"2022-05-20T08:10:46","date_gmt":"2022-05-20T06:10:46","guid":{"rendered":"http:\/\/www.camus67.fr\/site\/?p=612"},"modified":"2024-07-01T13:56:09","modified_gmt":"2024-07-01T11:56:09","slug":"ouverture-de-lantenne-a-illkirch","status":"publish","type":"post","link":"http:\/\/www.camus67.fr\/site\/2022\/05\/20\/ouverture-de-lantenne-a-illkirch\/","title":{"rendered":"Ouverture de l&rsquo;antenne \u00e0 Illkirch"},"content":{"rendered":"\n<p>Avec l&rsquo;aide de ses partenaires, le CAMUS est parvenu \u00e0 concr\u00e9tiser un projet qui lui tenait \u00e0 c\u0153ur depuis longtemps  : <strong>l&rsquo;installation d&rsquo;une antenne de consultation sur le campus d&rsquo;Illkirch<\/strong>!<\/p>\n\n\n\n<p>La cr\u00e9ation de cette antenne a pour but de se rapprocher des \u00e9tudiants de ce campus pour r\u00e9pondre au mieux \u00e0 leurs besoins. Les th\u00e9rapeutes du CAMUS partageront les locaux avec le Service de Sant\u00e9 Universitaire pour que vous puissiez rencontrer le professionnel de sant\u00e9 dont vous avez besoin (psychologue, m\u00e9decin, infirmi\u00e8re, psychiatre, etc).<\/p>\n\n\n\n<p>Pour prendre rendez-vous, il suffira de pr\u00e9ciser \u00e0 notre secr\u00e9tariat (situ\u00e9 rue de Palerme uniquement) que vous souhaitez une consultation \u00e0 cette antenne pr\u00e9cis\u00e9ment.<\/p>\n\n\n\n<p style=\"text-align:center\" class=\"has-medium-font-size\"><a href=\"http:\/\/www.camus67.fr\/site\/rdv\/\">Au plaisir de vous accueillir bient\u00f4t!<\/a><\/p>\n","protected":false},"excerpt":{"rendered":"<p>Avec l&rsquo;aide de ses partenaires, le CAMUS est parvenu \u00e0 concr\u00e9tiser un projet qui lui tenait \u00e0 c\u0153ur depuis longtemps : l&rsquo;installation d&rsquo;une antenne de consultation sur le campus d&rsquo;Illkirch! La cr\u00e9ation de cette antenne a pour but de se&hellip; <a href=\"http:\/\/www.camus67.fr\/site\/2022\/05\/20\/ouverture-de-lantenne-a-illkirch\/\" class=\"more-link\">Continuer la lecture <span class=\"meta-nav\">&rarr;<\/span><\/a><\/p>\n","protected":false},"author":2,"featured_media":0,"comment_status":"closed","ping_status":"closed","sticky":false,"template":"","format":"standard","meta":{"footnotes":""},"categories":[1],"tags":[],"class_list":["post-612","post","type-post","status-publish","format-standard","hentry","category-non-classe"],"yoast_head":"<!-- This site is optimized with the Yoast SEO plugin v26.1.1 - https:\/\/yoast.com\/wordpress\/plugins\/seo\/ -->\n<title>Ouverture de l&#039;antenne \u00e0 Illkirch - CAMUS 67<\/title>\n<meta name=\"robots\" content=\"index, follow, max-snippet:-1, max-image-preview:large, max-video-preview:-1\" \/>\n<link rel=\"canonical\" href=\"http:\/\/www.camus67.fr\/site\/2022\/05\/20\/ouverture-de-lantenne-a-illkirch\/\" \/>\n<meta property=\"og:locale\" content=\"fr_FR\" \/>\n<meta property=\"og:type\" content=\"article\" \/>\n<meta property=\"og:title\" content=\"Ouverture de l&#039;antenne \u00e0 Illkirch - CAMUS 67\" \/>\n<meta property=\"og:description\" content=\"Avec l&rsquo;aide de ses partenaires, le CAMUS est parvenu \u00e0 concr\u00e9tiser un projet qui lui tenait \u00e0 c\u0153ur depuis longtemps : l&rsquo;installation d&rsquo;une antenne de consultation sur le campus d&rsquo;Illkirch! La cr\u00e9ation de cette antenne a pour but de se&hellip; Continuer la lecture &rarr;\" \/>\n<meta property=\"og:url\" content=\"http:\/\/www.camus67.fr\/site\/2022\/05\/20\/ouverture-de-lantenne-a-illkirch\/\" \/>\n<meta property=\"og:site_name\" content=\"CAMUS 67\" \/>\n<meta property=\"article:published_time\" content=\"2022-05-20T06:10:46+00:00\" \/>\n<meta property=\"article:modified_time\" content=\"2024-07-01T11:56:09+00:00\" \/>\n<meta name=\"author\" content=\"Camus\" \/>\n<meta name=\"twitter:card\" content=\"summary_large_image\" \/>\n<meta name=\"twitter:label1\" content=\"\u00c9crit par\" \/>\n\t<meta name=\"twitter:data1\" content=\"Camus\" \/>\n\t<meta name=\"twitter:label2\" content=\"Dur\u00e9e de lecture estim\u00e9e\" \/>\n\t<meta name=\"twitter:data2\" content=\"1 minute\" \/>\n<script type=\"application\/ld+json\" class=\"yoast-schema-graph\">{\"@context\":\"https:\/\/schema.org\",\"@graph\":[{\"@type\":\"WebPage\",\"@id\":\"http:\/\/www.camus67.fr\/site\/2022\/05\/20\/ouverture-de-lantenne-a-illkirch\/\",\"url\":\"http:\/\/www.camus67.fr\/site\/2022\/05\/20\/ouverture-de-lantenne-a-illkirch\/\",\"name\":\"Ouverture de l'antenne \u00e0 Illkirch - CAMUS 67\",\"isPartOf\":{\"@id\":\"http:\/\/www.camus67.fr\/site\/#website\"},\"datePublished\":\"2022-05-20T06:10:46+00:00\",\"dateModified\":\"2024-07-01T11:56:09+00:00\",\"author\":{\"@id\":\"http:\/\/www.camus67.fr\/site\/#\/schema\/person\/1554916006563ed21cc84c124f7734c1\"},\"breadcrumb\":{\"@id\":\"http:\/\/www.camus67.fr\/site\/2022\/05\/20\/ouverture-de-lantenne-a-illkirch\/#breadcrumb\"},\"inLanguage\":\"fr-FR\",\"potentialAction\":[{\"@type\":\"ReadAction\",\"target\":[\"http:\/\/www.camus67.fr\/site\/2022\/05\/20\/ouverture-de-lantenne-a-illkirch\/\"]}]},{\"@type\":\"BreadcrumbList\",\"@id\":\"http:\/\/www.camus67.fr\/site\/2022\/05\/20\/ouverture-de-lantenne-a-illkirch\/#breadcrumb\",\"itemListElement\":[{\"@type\":\"ListItem\",\"position\":1,\"name\":\"Accueil\",\"item\":\"http:\/\/www.camus67.fr\/site\/\"},{\"@type\":\"ListItem\",\"position\":2,\"name\":\"Ouverture de l&rsquo;antenne \u00e0 Illkirch\"}]},{\"@type\":\"WebSite\",\"@id\":\"http:\/\/www.camus67.fr\/site\/#website\",\"url\":\"http:\/\/www.camus67.fr\/site\/\",\"name\":\"CAMUS 67\",\"description\":\"Centre d&#039;Accueil M\u00e9dico-psychologique Universitaire de Strasbourg\",\"potentialAction\":[{\"@type\":\"SearchAction\",\"target\":{\"@type\":\"EntryPoint\",\"urlTemplate\":\"http:\/\/www.camus67.fr\/site\/?s={search_term_string}\"},\"query-input\":{\"@type\":\"PropertyValueSpecification\",\"valueRequired\":true,\"valueName\":\"search_term_string\"}}],\"inLanguage\":\"fr-FR\"},{\"@type\":\"Person\",\"@id\":\"http:\/\/www.camus67.fr\/site\/#\/schema\/person\/1554916006563ed21cc84c124f7734c1\",\"name\":\"Camus\",\"image\":{\"@type\":\"ImageObject\",\"inLanguage\":\"fr-FR\",\"@id\":\"http:\/\/www.camus67.fr\/site\/#\/schema\/person\/image\/\",\"url\":\"https:\/\/secure.gravatar.com\/avatar\/8226e71d4422d0c05dc2c3d9989edea10f253cfb3880b2fe844651bfb07fadac?s=96&d=mm&r=g\",\"contentUrl\":\"https:\/\/secure.gravatar.com\/avatar\/8226e71d4422d0c05dc2c3d9989edea10f253cfb3880b2fe844651bfb07fadac?s=96&d=mm&r=g\",\"caption\":\"Camus\"}}]}<\/script>\n<!-- \/ Yoast SEO plugin. -->","yoast_head_json":{"title":"Ouverture de l'antenne \u00e0 Illkirch - CAMUS 67","robots":{"index":"index","follow":"follow","max-snippet":"max-snippet:-1","max-image-preview":"max-image-preview:large","max-video-preview":"max-video-preview:-1"},"canonical":"http:\/\/www.camus67.fr\/site\/2022\/05\/20\/ouverture-de-lantenne-a-illkirch\/","og_locale":"fr_FR","og_type":"article","og_title":"Ouverture de l'antenne \u00e0 Illkirch - CAMUS 67","og_description":"Avec l&rsquo;aide de ses partenaires, le CAMUS est parvenu \u00e0 concr\u00e9tiser un projet qui lui tenait \u00e0 c\u0153ur depuis longtemps : l&rsquo;installation d&rsquo;une antenne de consultation sur le campus d&rsquo;Illkirch! La cr\u00e9ation de cette antenne a pour but de se&hellip; Continuer la lecture &rarr;","og_url":"http:\/\/www.camus67.fr\/site\/2022\/05\/20\/ouverture-de-lantenne-a-illkirch\/","og_site_name":"CAMUS 67","article_published_time":"2022-05-20T06:10:46+00:00","article_modified_time":"2024-07-01T11:56:09+00:00","author":"Camus","twitter_card":"summary_large_image","twitter_misc":{"\u00c9crit par":"Camus","Dur\u00e9e de lecture estim\u00e9e":"1 minute"},"schema":{"@context":"https:\/\/schema.org","@graph":[{"@type":"WebPage","@id":"http:\/\/www.camus67.fr\/site\/2022\/05\/20\/ouverture-de-lantenne-a-illkirch\/","url":"http:\/\/www.camus67.fr\/site\/2022\/05\/20\/ouverture-de-lantenne-a-illkirch\/","name":"Ouverture de l'antenne \u00e0 Illkirch - CAMUS 67","isPartOf":{"@id":"http:\/\/www.camus67.fr\/site\/#website"},"datePublished":"2022-05-20T06:10:46+00:00","dateModified":"2024-07-01T11:56:09+00:00","author":{"@id":"http:\/\/www.camus67.fr\/site\/#\/schema\/person\/1554916006563ed21cc84c124f7734c1"},"breadcrumb":{"@id":"http:\/\/www.camus67.fr\/site\/2022\/05\/20\/ouverture-de-lantenne-a-illkirch\/#breadcrumb"},"inLanguage":"fr-FR","potentialAction":[{"@type":"ReadAction","target":["http:\/\/www.camus67.fr\/site\/2022\/05\/20\/ouverture-de-lantenne-a-illkirch\/"]}]},{"@type":"BreadcrumbList","@id":"http:\/\/www.camus67.fr\/site\/2022\/05\/20\/ouverture-de-lantenne-a-illkirch\/#breadcrumb","itemListElement":[{"@type":"ListItem","position":1,"name":"Accueil","item":"http:\/\/www.camus67.fr\/site\/"},{"@type":"ListItem","position":2,"name":"Ouverture de l&rsquo;antenne \u00e0 Illkirch"}]},{"@type":"WebSite","@id":"http:\/\/www.camus67.fr\/site\/#website","url":"http:\/\/www.camus67.fr\/site\/","name":"CAMUS 67","description":"Centre d&#039;Accueil M\u00e9dico-psychologique Universitaire de Strasbourg","potentialAction":[{"@type":"SearchAction","target":{"@type":"EntryPoint","urlTemplate":"http:\/\/www.camus67.fr\/site\/?s={search_term_string}"},"query-input":{"@type":"PropertyValueSpecification","valueRequired":true,"valueName":"search_term_string"}}],"inLanguage":"fr-FR"},{"@type":"Person","@id":"http:\/\/www.camus67.fr\/site\/#\/schema\/person\/1554916006563ed21cc84c124f7734c1","name":"Camus","image":{"@type":"ImageObject","inLanguage":"fr-FR","@id":"http:\/\/www.camus67.fr\/site\/#\/schema\/person\/image\/","url":"https:\/\/secure.gravatar.com\/avatar\/8226e71d4422d0c05dc2c3d9989edea10f253cfb3880b2fe844651bfb07fadac?s=96&d=mm&r=g","contentUrl":"https:\/\/secure.gravatar.com\/avatar\/8226e71d4422d0c05dc2c3d9989edea10f253cfb3880b2fe844651bfb07fadac?s=96&d=mm&r=g","caption":"Camus"}}]}},"_links":{"self":[{"href":"http:\/\/www.camus67.fr\/site\/wp-json\/wp\/v2\/posts\/612","targetHints":{"allow":["GET"]}}],"collection":[{"href":"http:\/\/www.camus67.fr\/site\/wp-json\/wp\/v2\/posts"}],"about":[{"href":"http:\/\/www.camus67.fr\/site\/wp-json\/wp\/v2\/types\/post"}],"author":[{"embeddable":true,"href":"http:\/\/www.camus67.fr\/site\/wp-json\/wp\/v2\/users\/2"}],"replies":[{"embeddable":true,"href":"http:\/\/www.camus67.fr\/site\/wp-json\/wp\/v2\/comments?post=612"}],"version-history":[{"count":2,"href":"http:\/\/www.camus67.fr\/site\/wp-json\/wp\/v2\/posts\/612\/revisions"}],"predecessor-version":[{"id":614,"href":"http:\/\/www.camus67.fr\/site\/wp-json\/wp\/v2\/posts\/612\/revisions\/614"}],"wp:attachment":[{"href":"http:\/\/www.camus67.fr\/site\/wp-json\/wp\/v2\/media?parent=612"}],"wp:term":[{"taxonomy":"category","embeddable":true,"href":"http:\/\/www.camus67.fr\/site\/wp-json\/wp\/v2\/categories?post=612"},{"taxonomy":"post_tag","embeddable":true,"href":"http:\/\/www.camus67.fr\/site\/wp-json\/wp\/v2\/tags?post=612"}],"curies":[{"name":"wp","href":"https:\/\/api.w.org\/{rel}","templated":true}]}}